{"id":8143,"date":"2026-09-03T12:05:22","date_gmt":"2026-09-03T12:05:22","guid":{"rendered":"https:\/\/gioia.lavocedelpaese.info\/?p=8143"},"modified":"2026-09-03T12:59:48","modified_gmt":"2026-09-03T12:59:48","slug":"parcheggio-disabili-occupato-per-ore-dallo-stesso-veicolo-e-legale","status":"publish","type":"post","link":"https:\/\/gioia.lavocedelpaese.info\/index.php\/2026\/09\/03\/parcheggio-disabili-occupato-per-ore-dallo-stesso-veicolo-e-legale\/","title":{"rendered":"Parcheggio disabili occupato per ore dallo stesso veicolo: \u00e8 legale?"},"content":{"rendered":"<p style=\"text-align: justify\"><img decoding=\"async\" class=\"size-full wp-image-8145 alignleft\" src=\"https:\/\/gioia.lavocedelpaese.info\/wp-content\/uploads\/2026\/09\/WhatsApp-Image-2026-09-03-at-13.09.16.jpeg\" alt=\"\" width=\"400\" height=\"251\" srcset=\"https:\/\/gioia.lavocedelpaese.info\/wp-content\/uploads\/2026\/09\/WhatsApp-Image-2026-09-03-at-13.09.16.jpeg 1000w, https:\/\/gioia.lavocedelpaese.info\/wp-content\/uploads\/2026\/09\/WhatsApp-Image-2026-09-03-at-13.09.16-300x188.jpeg 300w, https:\/\/gioia.lavocedelpaese.info\/wp-content\/uploads\/2026\/09\/WhatsApp-Image-2026-09-03-at-13.09.16-768x482.jpeg 768w\" sizes=\"(max-width: 400px) 100vw, 400px\" \/>Vi capita mai di vedere un&#8217;auto parcheggiata nello stesso stallo disabili sotto casa per giorni interi, giorno e notte, come se fosse un garage privato?<\/p>\n<p style=\"text-align: justify\">Molti pensano che basti avere il contrassegno sul cruscotto per fare ci\u00f2 che si vuole. <strong>Non \u00e8 cos\u00ec.<\/strong> Facciamo chiarezza:<\/p>\n<p style=\"text-align: justify\"><strong>Stallo generico vs personalizzato:<\/strong> Se il cartello ha solo il simbolo della carrozzina (senza un numero di autorizzazione), il posto \u00e8 di TUTTI i disabili. Nessuno pu\u00f2 monopolizzarlo per ore o h24.<br \/>\n<strong>Il pass segue la persona, non l&#8217;auto:<\/strong> Il contrassegno \u00e8 valido SOLO se il titolare \u00e8 a bordo o si sta spostando in quel momento. Se l&#8217;auto resta ferma per giorni mentre il titolare \u00e8 a casa o usa un altro mezzo, quell&#8217;uso del pass \u00e8 ILLEGITTIMO (Art. 188 Codice della Strada).<\/p>\n<p style=\"text-align: justify\"><strong>Anche i brevi spostamenti non bastano:<\/strong> Muovere l&#8217;auto per un&#8217;ora al giorno solo per &#8220;salvare il posto&#8221; e rimetterla l\u00ec non cancella l&#8217;abuso.<\/p>\n<p style=\"text-align: justify\">Non dobbiamo girarci dall&#8217;altra parte. Se notate un abuso del genere, potete inviare una segnalazione scritta o una PEC alla <strong>Polizia Locale<\/strong> indicando via e targa. Le autorit\u00e0 hanno il dovere di fare verifiche mirate (anche di notte) per verificare la validit\u00e0 del pass e la reale presenza del titolare.<\/p>\n<p style=\"text-align: justify\">Rispettare gli spazi pubblici significa tutelare i diritti di tutti, soprattutto dei pi\u00f9 fragili. Condividiamo per informare il quartiere in particolare e tutti i cittadini in generale!<\/p>\n","protected":false},"excerpt":{"rendered":"<p>Vi capita mai di vedere un&#8217;auto parcheggiata nello stesso stallo disabili sotto casa per giorni interi, giorno e notte, come<\/p>\n","protected":false},"author":4,"featured_media":8144,"comment_status":"open","ping_status":"closed","sticky":false,"template":"","format":"standard","meta":{"colormag_page_container_layout":"default_layout","colormag_page_sidebar_layout":"default_layout","_monsterinsights_skip_tracking":false,"footnotes":""},"categories":[29,28],"tags":[],"class_list":["post-8143","post","type-post","status-publish","format-standard","has-post-thumbnail","hentry","category-cronaca","category-primo-piano"],"_links":{"self":[{"href":"https:\/\/gioia.lavocedelpaese.info\/index.php\/wp-json\/wp\/v2\/posts\/8143","targetHints":{"allow":["GET"]}}],"collection":[{"href":"https:\/\/gioia.lavocedelpaese.info\/index.php\/wp-json\/wp\/v2\/posts"}],"about":[{"href":"https:\/\/gioia.lavocedelpaese.info\/index.php\/wp-json\/wp\/v2\/types\/post"}],"author":[{"embeddable":true,"href":"https:\/\/gioia.lavocedelpaese.info\/index.php\/wp-json\/wp\/v2\/users\/4"}],"replies":[{"embeddable":true,"href":"https:\/\/gioia.lavocedelpaese.info\/index.php\/wp-json\/wp\/v2\/comments?post=8143"}],"version-history":[{"count":2,"href":"https:\/\/gioia.lavocedelpaese.info\/index.php\/wp-json\/wp\/v2\/posts\/8143\/revisions"}],"predecessor-version":[{"id":8147,"href":"https:\/\/gioia.lavocedelpaese.info\/index.php\/wp-json\/wp\/v2\/posts\/8143\/revisions\/8147"}],"wp:featuredmedia":[{"embeddable":true,"href":"https:\/\/gioia.lavocedelpaese.info\/index.php\/wp-json\/wp\/v2\/media\/8144"}],"wp:attachment":[{"href":"https:\/\/gioia.lavocedelpaese.info\/index.php\/wp-json\/wp\/v2\/media?parent=8143"}],"wp:term":[{"taxonomy":"category","embeddable":true,"href":"https:\/\/gioia.lavocedelpaese.info\/index.php\/wp-json\/wp\/v2\/categories?post=8143"},{"taxonomy":"post_tag","embeddable":true,"href":"https:\/\/gioia.lavocedelpaese.info\/index.php\/wp-json\/wp\/v2\/tags?post=8143"}],"curies":[{"name":"wp","href":"https:\/\/api.w.org\/{rel}","templated":true}]}}