{"id":7713,"date":"2026-04-26T17:15:28","date_gmt":"2026-04-26T17:15:28","guid":{"rendered":"https:\/\/gioia.lavocedelpaese.info\/?p=7713"},"modified":"2026-04-26T17:15:28","modified_gmt":"2026-04-26T17:15:28","slug":"enzo-lavarra-presenta-la-xylella-distruzione-e-rinascita-degli-olivi","status":"publish","type":"post","link":"https:\/\/gioia.lavocedelpaese.info\/index.php\/2026\/04\/26\/enzo-lavarra-presenta-la-xylella-distruzione-e-rinascita-degli-olivi\/","title":{"rendered":"Enzo Lavarra presenta \u201cLa Xylella. Distruzione e rinascita degli olivi\u201d"},"content":{"rendered":"<p style=\"text-align: justify\"><img decoding=\"async\" class=\"size-full wp-image-7715 alignleft\" src=\"https:\/\/gioia.lavocedelpaese.info\/wp-content\/uploads\/2026\/04\/lavarra-libro-xylella.jpg\" alt=\"\" width=\"350\" height=\"280\" srcset=\"https:\/\/gioia.lavocedelpaese.info\/wp-content\/uploads\/2026\/04\/lavarra-libro-xylella.jpg 844w, https:\/\/gioia.lavocedelpaese.info\/wp-content\/uploads\/2026\/04\/lavarra-libro-xylella-300x240.jpg 300w, https:\/\/gioia.lavocedelpaese.info\/wp-content\/uploads\/2026\/04\/lavarra-libro-xylella-768x614.jpg 768w\" sizes=\"(max-width: 350px) 100vw, 350px\" \/>Marted\u00ec 28 aprile 2026, alle ore 18:30, presso la Sala Javarone del Palazzo di Citt\u00e0 di Gioia del Colle, si terr\u00e0 la presentazione del volume <strong>\u201cLa Xylella. Distruzione e rinascita degli olivi\u201d<\/strong> di Enzo Lavarra, pubblicato da Rubbettino Editore.<\/p>\n<p style=\"text-align: justify\">L\u2019iniziativa, promossa dall&#8217;Auser Associazione Culturale \u201cMelina Procino\u201d e dal Comune di Gioia del Colle, propone un momento di approfondimento su una delle vicende pi\u00f9 complesse e dolorose che hanno interessato la Puglia negli ultimi anni: l\u2019emergenza Xylella e le sue conseguenze sul patrimonio olivicolo regionale.<\/p>\n<p style=\"text-align: justify\"><img decoding=\"async\" class=\"size-full wp-image-7716 alignright\" src=\"https:\/\/gioia.lavocedelpaese.info\/wp-content\/uploads\/2026\/04\/Senza-titolo.jpg\" alt=\"\" width=\"400\" height=\"582\" srcset=\"https:\/\/gioia.lavocedelpaese.info\/wp-content\/uploads\/2026\/04\/Senza-titolo.jpg 550w, https:\/\/gioia.lavocedelpaese.info\/wp-content\/uploads\/2026\/04\/Senza-titolo-206x300.jpg 206w\" sizes=\"(max-width: 400px) 100vw, 400px\" \/>Il libro di Lavarra affronta il tema con uno sguardo che unisce analisi, esperienza diretta e riflessione politica. La diffusione del batterio non ha rappresentato soltanto una crisi agricola, ma un evento capace di modificare profondamente il paesaggio, l\u2019economia e il rapporto stesso tra le comunit\u00e0 e la loro terra.<\/p>\n<p style=\"text-align: justify\">Gli ulivi, simbolo storico e culturale della Puglia, sono diventati il centro di una battaglia che ha coinvolto agricoltori, ricercatori, istituzioni e cittadini. Il volume ricostruisce questo percorso, interrogandosi sulle scelte compiute, sui ritardi, sulle difficolt\u00e0 nella gestione dell\u2019emergenza e sulle prospettive di rilancio del settore olivicolo.<\/p>\n<p style=\"text-align: justify\">Accanto alla dimensione della distruzione emerge, infatti, il tema della rinascita: la necessit\u00e0 di ripensare il futuro dell\u2019agricoltura pugliese attraverso innovazione, ricerca scientifica, programmazione e una nuova visione delle politiche territoriali.<\/p>\n<p style=\"text-align: justify\">Ad aprire l\u2019incontro saranno i saluti istituzionali del Sindaco, Avv. <strong>Giovanni Mastrangelo<\/strong>. L\u2019introduzione sar\u00e0 affidata a <strong>Maria Pavone,<\/strong> Presidente dell&#8217;Auser Associazione Culturale \u201cMelina Procino\u201d.<\/p>\n<p style=\"text-align: justify\"><img decoding=\"async\" class=\"size-full wp-image-7717 alignleft\" src=\"https:\/\/gioia.lavocedelpaese.info\/wp-content\/uploads\/2026\/04\/med-1200x630-2.jpg\" alt=\"\" width=\"400\" height=\"210\" srcset=\"https:\/\/gioia.lavocedelpaese.info\/wp-content\/uploads\/2026\/04\/med-1200x630-2.jpg 1000w, https:\/\/gioia.lavocedelpaese.info\/wp-content\/uploads\/2026\/04\/med-1200x630-2-300x158.jpg 300w, https:\/\/gioia.lavocedelpaese.info\/wp-content\/uploads\/2026\/04\/med-1200x630-2-768x403.jpg 768w, https:\/\/gioia.lavocedelpaese.info\/wp-content\/uploads\/2026\/04\/med-1200x630-2-390x205.jpg 390w\" sizes=\"(max-width: 400px) 100vw, 400px\" \/>Dialogher\u00e0 con l\u2019autore <strong>Donato Boscia,<\/strong> dirigente di ricerca IPSP-CNR e tra i maggiori esperti del fenomeno Xylella. A moderare sar\u00e0 la giornalista <strong>Dalila Bellacicco<\/strong>. \u00c8 previsto anche l\u2019intervento di Francesco Paolicelli, Assessore all\u2019Agricoltura della Regione Puglia, mentre le letture saranno curate da <strong>Antonella Campagna<\/strong>.<\/p>\n<p style=\"text-align: justify\">L\u2019appuntamento rappresenta un\u2019importante occasione di confronto pubblico su un tema che continua a interrogare il presente e il futuro della regione. Parlare di Xylella significa, infatti, parlare non solo di agricoltura, ma di identit\u00e0, paesaggio, memoria e prospettive di sviluppo.<\/p>\n<p style=\"text-align: justify\"><strong>Ingresso libero<\/strong><\/p>\n<p style=\"text-align: right\"><strong>La Presidente Maria Pavone<\/strong><\/p>\n","protected":false},"excerpt":{"rendered":"<p>Marted\u00ec 28 aprile 2026, alle ore 18:30, presso la Sala Javarone del Palazzo di Citt\u00e0 di Gioia del Colle, si<\/p>\n","protected":false},"author":4,"featured_media":7714,"comment_status":"open","ping_status":"closed","sticky":false,"template":"","format":"standard","meta":{"colormag_page_container_layout":"default_layout","colormag_page_sidebar_layout":"default_layout","_monsterinsights_skip_tracking":false,"_monsterinsights_sitenote_active":false,"_monsterinsights_sitenote_note":"","_monsterinsights_sitenote_category":0,"footnotes":""},"categories":[6,28],"tags":[],"class_list":["post-7713","post","type-post","status-publish","format-standard","has-post-thumbnail","hentry","category-eventi","category-primo-piano"],"_links":{"self":[{"href":"https:\/\/gioia.lavocedelpaese.info\/index.php\/wp-json\/wp\/v2\/posts\/7713","targetHints":{"allow":["GET"]}}],"collection":[{"href":"https:\/\/gioia.lavocedelpaese.info\/index.php\/wp-json\/wp\/v2\/posts"}],"about":[{"href":"https:\/\/gioia.lavocedelpaese.info\/index.php\/wp-json\/wp\/v2\/types\/post"}],"author":[{"embeddable":true,"href":"https:\/\/gioia.lavocedelpaese.info\/index.php\/wp-json\/wp\/v2\/users\/4"}],"replies":[{"embeddable":true,"href":"https:\/\/gioia.lavocedelpaese.info\/index.php\/wp-json\/wp\/v2\/comments?post=7713"}],"version-history":[{"count":1,"href":"https:\/\/gioia.lavocedelpaese.info\/index.php\/wp-json\/wp\/v2\/posts\/7713\/revisions"}],"predecessor-version":[{"id":7718,"href":"https:\/\/gioia.lavocedelpaese.info\/index.php\/wp-json\/wp\/v2\/posts\/7713\/revisions\/7718"}],"wp:featuredmedia":[{"embeddable":true,"href":"https:\/\/gioia.lavocedelpaese.info\/index.php\/wp-json\/wp\/v2\/media\/7714"}],"wp:attachment":[{"href":"https:\/\/gioia.lavocedelpaese.info\/index.php\/wp-json\/wp\/v2\/media?parent=7713"}],"wp:term":[{"taxonomy":"category","embeddable":true,"href":"https:\/\/gioia.lavocedelpaese.info\/index.php\/wp-json\/wp\/v2\/categories?post=7713"},{"taxonomy":"post_tag","embeddable":true,"href":"https:\/\/gioia.lavocedelpaese.info\/index.php\/wp-json\/wp\/v2\/tags?post=7713"}],"curies":[{"name":"wp","href":"https:\/\/api.w.org\/{rel}","templated":true}]}}