{"id":7328,"date":"2026-01-17T19:15:52","date_gmt":"2026-01-17T19:15:52","guid":{"rendered":"https:\/\/gioia.lavocedelpaese.info\/?p=7328"},"modified":"2026-01-30T19:17:33","modified_gmt":"2026-01-30T19:17:33","slug":"appello-alla-citta-uniti-per-il-no-al-referendum","status":"publish","type":"post","link":"https:\/\/gioia.lavocedelpaese.info\/index.php\/2026\/01\/17\/appello-alla-citta-uniti-per-il-no-al-referendum\/","title":{"rendered":"APPELLO ALLA CITT\u00c0: UNITI PER IL &#8220;NO&#8221; AL REFERENDUM"},"content":{"rendered":"<p style=\"text-align: justify\"><img decoding=\"async\" class=\"size-full wp-image-7330 alignleft\" src=\"https:\/\/gioia.lavocedelpaese.info\/wp-content\/uploads\/2026\/01\/616317166_10234733108162618_7701411567342483831_n.jpg\" alt=\"\" width=\"350\" height=\"350\" srcset=\"https:\/\/gioia.lavocedelpaese.info\/wp-content\/uploads\/2026\/01\/616317166_10234733108162618_7701411567342483831_n.jpg 800w, https:\/\/gioia.lavocedelpaese.info\/wp-content\/uploads\/2026\/01\/616317166_10234733108162618_7701411567342483831_n-300x300.jpg 300w, https:\/\/gioia.lavocedelpaese.info\/wp-content\/uploads\/2026\/01\/616317166_10234733108162618_7701411567342483831_n-150x150.jpg 150w, https:\/\/gioia.lavocedelpaese.info\/wp-content\/uploads\/2026\/01\/616317166_10234733108162618_7701411567342483831_n-768x768.jpg 768w\" sizes=\"(max-width: 350px) 100vw, 350px\" \/>Cittadine e cittadini, attivisti e realt\u00e0 sociali di Gioia del Colle, il momento di agire \u00e8 adesso!<\/p>\n<p style=\"text-align: justify\">Non possiamo permettere che una riforma cos\u00ec impattante passi nel silenzio o nell&#8217;indifferenza. \u00c8 in gioco l&#8217;equilibrio della nostra democrazia e il peso della voce di ogni singolo cittadino.<\/p>\n<p style=\"text-align: justify\">Per questo, come <strong>MoVimento 5 Stelle Gioia del Colle<\/strong>, lanciamo una proposta aperta: &#8220;Vogliamo che a Gioia si costituisca il <strong>Comitato cittadino per il NO<\/strong>&#8220;. Chiediamo a tutte le realt\u00e0 politiche, associative e civiche del territorio di unirsi in un percorso comune.<\/p>\n<p style=\"text-align: justify\"><strong>FACCIAMO SQUADRA!<\/strong> Invitiamo i rappresentanti delle associazioni, le forze politiche locali e ogni cittadino volenteroso a manifestare il proprio interesse sulla pagina FB: &#x1f517; <a href=\"https:\/\/www.facebook.com\/share\/17tvpPqdtV\/\">https:\/\/www.facebook.com\/share\/17tvpPqdtV\/<\/a> La pagina \u00e8 attualmente senza loghi, pronta a diventare lo spazio di tutti coloro che aderiranno.<\/p>\n<p style=\"text-align: justify\"><strong><img decoding=\"async\" class=\"size-full wp-image-7331 alignright\" src=\"https:\/\/gioia.lavocedelpaese.info\/wp-content\/uploads\/2026\/01\/WhatsApp-Image-2026-01-17-at-19.15.53.jpeg\" alt=\"\" width=\"350\" height=\"381\" srcset=\"https:\/\/gioia.lavocedelpaese.info\/wp-content\/uploads\/2026\/01\/WhatsApp-Image-2026-01-17-at-19.15.53.jpeg 734w, https:\/\/gioia.lavocedelpaese.info\/wp-content\/uploads\/2026\/01\/WhatsApp-Image-2026-01-17-at-19.15.53-275x300.jpeg 275w\" sizes=\"(max-width: 350px) 100vw, 350px\" \/>Perch\u00e9 un Comitato Unitario?<\/strong> Crediamo che la difesa della Costituzione non abbia colori politici esclusivi, ma sia un dovere di chiunque abbia a cuore il futuro della nostra comunit\u00e0. Vogliamo creare un fronte comune che sia:<\/p>\n<ul style=\"text-align: justify\">\n<li><strong>Inclusivo:<\/strong> Aperto a partiti, associazioni, movimenti e liberi cittadini.<\/li>\n<li><strong>Informativo:<\/strong> Per spiegare nelle piazze di Gioia le ragioni tecniche e politiche del NO.<\/li>\n<li><strong>Attivo:<\/strong> Per organizzare insieme banchetti, eventi e momenti di confronto.<\/li>\n<\/ul>\n<p style=\"text-align: justify\"><strong>Difendiamo i nostri valori<\/strong> Non \u00e8 una battaglia di parte, \u00e8 una battaglia di civilt\u00e0.<\/p>\n<p><strong>Gioia del Colle dice NO. Facciamolo insieme!<\/strong><\/p>\n","protected":false},"excerpt":{"rendered":"<p>Cittadine e cittadini, attivisti e realt\u00e0 sociali di Gioia del Colle, il momento di agire \u00e8 adesso! Non possiamo permettere<\/p>\n","protected":false},"author":4,"featured_media":7329,"comment_status":"open","ping_status":"closed","sticky":false,"template":"","format":"standard","meta":{"colormag_page_container_layout":"default_layout","colormag_page_sidebar_layout":"default_layout","_monsterinsights_skip_tracking":false,"_monsterinsights_sitenote_active":false,"_monsterinsights_sitenote_note":"","_monsterinsights_sitenote_category":0,"footnotes":""},"categories":[6,7],"tags":[],"class_list":["post-7328","post","type-post","status-publish","format-standard","has-post-thumbnail","hentry","category-eventi","category-regione"],"_links":{"self":[{"href":"https:\/\/gioia.lavocedelpaese.info\/index.php\/wp-json\/wp\/v2\/posts\/7328","targetHints":{"allow":["GET"]}}],"collection":[{"href":"https:\/\/gioia.lavocedelpaese.info\/index.php\/wp-json\/wp\/v2\/posts"}],"about":[{"href":"https:\/\/gioia.lavocedelpaese.info\/index.php\/wp-json\/wp\/v2\/types\/post"}],"author":[{"embeddable":true,"href":"https:\/\/gioia.lavocedelpaese.info\/index.php\/wp-json\/wp\/v2\/users\/4"}],"replies":[{"embeddable":true,"href":"https:\/\/gioia.lavocedelpaese.info\/index.php\/wp-json\/wp\/v2\/comments?post=7328"}],"version-history":[{"count":1,"href":"https:\/\/gioia.lavocedelpaese.info\/index.php\/wp-json\/wp\/v2\/posts\/7328\/revisions"}],"predecessor-version":[{"id":7332,"href":"https:\/\/gioia.lavocedelpaese.info\/index.php\/wp-json\/wp\/v2\/posts\/7328\/revisions\/7332"}],"wp:featuredmedia":[{"embeddable":true,"href":"https:\/\/gioia.lavocedelpaese.info\/index.php\/wp-json\/wp\/v2\/media\/7329"}],"wp:attachment":[{"href":"https:\/\/gioia.lavocedelpaese.info\/index.php\/wp-json\/wp\/v2\/media?parent=7328"}],"wp:term":[{"taxonomy":"category","embeddable":true,"href":"https:\/\/gioia.lavocedelpaese.info\/index.php\/wp-json\/wp\/v2\/categories?post=7328"},{"taxonomy":"post_tag","embeddable":true,"href":"https:\/\/gioia.lavocedelpaese.info\/index.php\/wp-json\/wp\/v2\/tags?post=7328"}],"curies":[{"name":"wp","href":"https:\/\/api.w.org\/{rel}","templated":true}]}}