{"id":5444,"date":"2024-12-05T14:13:36","date_gmt":"2024-12-05T14:13:36","guid":{"rendered":"https:\/\/gioia.lavocedelpaese.info\/?p=5444"},"modified":"2024-12-14T20:15:18","modified_gmt":"2024-12-14T20:15:18","slug":"ritorna-il-mercatino-vintage-di-natale-del-centro-di-ascolto","status":"publish","type":"post","link":"https:\/\/gioia.lavocedelpaese.info\/index.php\/2024\/12\/05\/ritorna-il-mercatino-vintage-di-natale-del-centro-di-ascolto\/","title":{"rendered":"Ritorna il Mercatino Vintage di Natale del Centro di Ascolto"},"content":{"rendered":"<p style=\"text-align: justify\"><strong><img decoding=\"async\" class=\"size-full wp-image-5446 alignleft\" src=\"https:\/\/gioia.lavocedelpaese.info\/wp-content\/uploads\/2024\/12\/320701082_889994402014764_1625497372509608277_n.jpg\" alt=\"\" width=\"400\" height=\"438\" srcset=\"https:\/\/gioia.lavocedelpaese.info\/wp-content\/uploads\/2024\/12\/320701082_889994402014764_1625497372509608277_n.jpg 731w, https:\/\/gioia.lavocedelpaese.info\/wp-content\/uploads\/2024\/12\/320701082_889994402014764_1625497372509608277_n-274x300.jpg 274w\" sizes=\"(max-width: 400px) 100vw, 400px\" \/>Anche quest\u2019anno il Centro di Ascolto<\/strong> dal Silenzio alla Parola, con il suo tradizionale \u201cmercatino vintage di Natale\u201d, <strong>promuove una iniziativa di raccolta fondi<\/strong> in occasione delle prossime feste natalizie. I volontari hanno preparato <strong>oggetti a tema e\u00a0dolci tradizionali<\/strong> e vi aspettano <strong>in Via Sannazzaro 15, ogni mercoled\u00ec-gioved\u00ec e venerd\u00ec dalle ore 17 alle 20<\/strong>.<\/p>\n<p style=\"text-align: justify\"><strong>Con il ricavato si vuole<\/strong> rispondere ad una crescente richiesta di inclusione sociale da parte della cittadinanza e far fronte alle crescenti spese che si sostengono per le utenze, stante l\u2019assenza di concreti aiuti economici da parte degli enti locali nei confronti dell\u2019associazione per i tanti servizi messi in atto a favore dei pi\u00f9 bisognosi.<\/p>\n","protected":false},"excerpt":{"rendered":"<p>Anche quest\u2019anno il Centro di Ascolto dal Silenzio alla Parola, con il suo tradizionale \u201cmercatino vintage di Natale\u201d, promuove una<\/p>\n","protected":false},"author":4,"featured_media":5445,"comment_status":"open","ping_status":"closed","sticky":false,"template":"","format":"standard","meta":{"colormag_page_container_layout":"default_layout","colormag_page_sidebar_layout":"default_layout","_monsterinsights_skip_tracking":false,"_monsterinsights_sitenote_active":false,"_monsterinsights_sitenote_note":"","_monsterinsights_sitenote_category":0,"footnotes":""},"categories":[6,7],"tags":[],"class_list":["post-5444","post","type-post","status-publish","format-standard","has-post-thumbnail","hentry","category-eventi","category-regione"],"_links":{"self":[{"href":"https:\/\/gioia.lavocedelpaese.info\/index.php\/wp-json\/wp\/v2\/posts\/5444","targetHints":{"allow":["GET"]}}],"collection":[{"href":"https:\/\/gioia.lavocedelpaese.info\/index.php\/wp-json\/wp\/v2\/posts"}],"about":[{"href":"https:\/\/gioia.lavocedelpaese.info\/index.php\/wp-json\/wp\/v2\/types\/post"}],"author":[{"embeddable":true,"href":"https:\/\/gioia.lavocedelpaese.info\/index.php\/wp-json\/wp\/v2\/users\/4"}],"replies":[{"embeddable":true,"href":"https:\/\/gioia.lavocedelpaese.info\/index.php\/wp-json\/wp\/v2\/comments?post=5444"}],"version-history":[{"count":1,"href":"https:\/\/gioia.lavocedelpaese.info\/index.php\/wp-json\/wp\/v2\/posts\/5444\/revisions"}],"predecessor-version":[{"id":5447,"href":"https:\/\/gioia.lavocedelpaese.info\/index.php\/wp-json\/wp\/v2\/posts\/5444\/revisions\/5447"}],"wp:featuredmedia":[{"embeddable":true,"href":"https:\/\/gioia.lavocedelpaese.info\/index.php\/wp-json\/wp\/v2\/media\/5445"}],"wp:attachment":[{"href":"https:\/\/gioia.lavocedelpaese.info\/index.php\/wp-json\/wp\/v2\/media?parent=5444"}],"wp:term":[{"taxonomy":"category","embeddable":true,"href":"https:\/\/gioia.lavocedelpaese.info\/index.php\/wp-json\/wp\/v2\/categories?post=5444"},{"taxonomy":"post_tag","embeddable":true,"href":"https:\/\/gioia.lavocedelpaese.info\/index.php\/wp-json\/wp\/v2\/tags?post=5444"}],"curies":[{"name":"wp","href":"https:\/\/api.w.org\/{rel}","templated":true}]}}