{"id":5369,"date":"2024-11-22T11:04:29","date_gmt":"2024-11-22T11:04:29","guid":{"rendered":"https:\/\/gioia.lavocedelpaese.info\/?p=5369"},"modified":"2024-12-02T16:38:10","modified_gmt":"2024-12-02T16:38:10","slug":"cinestorie-dallo-spazio-come-fuoco-la-storia-di-mario-paciolla","status":"publish","type":"post","link":"https:\/\/gioia.lavocedelpaese.info\/index.php\/2024\/11\/22\/cinestorie-dallo-spazio-come-fuoco-la-storia-di-mario-paciolla\/","title":{"rendered":"CINeSTORIE dallo SPAZIO: \u201cCome fuoco\u201d la storia di Mario Paciolla"},"content":{"rendered":"<p style=\"text-align: justify\"><img decoding=\"async\" class=\"size-full wp-image-5371 alignleft\" src=\"https:\/\/gioia.lavocedelpaese.info\/wp-content\/uploads\/2024\/11\/come-fuoco.jpg\" alt=\"\" width=\"400\" height=\"565\" srcset=\"https:\/\/gioia.lavocedelpaese.info\/wp-content\/uploads\/2024\/11\/come-fuoco.jpg 566w, https:\/\/gioia.lavocedelpaese.info\/wp-content\/uploads\/2024\/11\/come-fuoco-212x300.jpg 212w\" sizes=\"(max-width: 400px) 100vw, 400px\" \/>\u201c<strong>Come fuoco<\/strong>\u201d <strong>di Salvatore de Chiara<\/strong>. Il cantautore <strong>Valerio Bruner<\/strong>, dedica una canzone e raccoglie testimonianze e riflessioni di amici e attivisti che rivendicano la verit\u00e0 sulla morte dell\u2019operatore di pace <strong>Mario Paciolla<\/strong>.<\/p>\n<p style=\"text-align: justify\">Per il secondo appuntamento di \u201cCINeSTORIE dallo SPAZIO\u201d, <strong>gioved\u00ec 28 novembre ore 19.30 <\/strong>presso <strong>Piazza XX Settembre 19 <\/strong>(Gioia del Colle), parleremo di giustizia. La mattina del 15 luglio 2020 il corpo di <strong>Mario Paciolla<\/strong> \u00e8 stato trovato privo di vita in Colombia dove si trovava in qualit\u00e0 di membro della Missione di Verifica delle Nazioni Unite. I segni presenti sul corpo hanno portato ben presto, la medicina legale colombiana, a qualificare il caso come suicidio. Da questo momento in poi depistaggi, false ricostruzioni e narrazioni distorte hanno allontanato sempre pi\u00f9 la verit\u00e0 fino alla richiesta di archiviazione della procura di Roma.<\/p>\n<p style=\"text-align: justify\">\u00ab<em>La decisione dei magistrati ci ha lasciati basiti<\/em>&#8211; hanno raccontato Anna Motta e Giuseppe Paciolla- <em>Dopo i primi momenti di smarrimento, abbiamo subito ripreso il percorso di verit\u00e0 per Mario e dato mandato alle nostre avvocate, che saranno coadiuvate da tecnici di nostra fiducia, per opporsi all\u2019archiviazione. Siamo determinati perch\u00e9 abbiamo la certezza dell\u2019omicidio di nostro figlio. Questa certezza si rafforza con il passare dei giorni perch\u00e9 con maggiore lucidit\u00e0 ripensiamo a ci\u00f2 che Mario ci diceva. A ci\u00f2 che gli \u00e8 successo prima e dopo la morte, pi\u00f9 precisamente negli ultimi cinque giorni di vita\u00bb<\/em>.<\/p>\n<p style=\"text-align: justify\"><strong><img decoding=\"async\" class=\"size-full wp-image-5372 alignright\" src=\"https:\/\/gioia.lavocedelpaese.info\/wp-content\/uploads\/2024\/11\/LOCANDINAPACIOLLADEF_page-0001.jpg\" alt=\"\" width=\"350\" height=\"453\" srcset=\"https:\/\/gioia.lavocedelpaese.info\/wp-content\/uploads\/2024\/11\/LOCANDINAPACIOLLADEF_page-0001.jpg 618w, https:\/\/gioia.lavocedelpaese.info\/wp-content\/uploads\/2024\/11\/LOCANDINAPACIOLLADEF_page-0001-232x300.jpg 232w\" sizes=\"(max-width: 350px) 100vw, 350px\" \/>I genitori di Mario, Anna Motta e Giuseppe Paciolla, dialogheranno con Ivana Guagnano<\/strong> al termine della proiezione e aiuteranno i presenti a ricostruire la vicenda e interrogarsi sulla realt\u00e0 che li circonda.<\/p>\n<p style=\"text-align: justify\">La proiezione chiude la giornata di approfondimento al caso Paciolla cominciata nella mattinata con il seminario a cura di Lavori in Corso e comitato Giustizia per Mario Paciolla presso l\u2019<strong>Universit\u00e0 degli studi di<\/strong> <strong>Bari Aldo Moro<\/strong>.<\/p>\n<p style=\"text-align: justify\"><strong>All\u2019interno di questo spazio dialogheranno<\/strong> guidati da <strong>Pierangelo De Leo<\/strong>nardis UGS Puglia: <strong>Anna Motta<\/strong> e <strong>Giuseppe Paciolla<\/strong> (genitori di Mario); prof. <strong>Andrea Lovato<\/strong> Direttore dipartimento di Giurisprudenza; prof. <strong>Giuseppe Cascione<\/strong> Direttore dipartimento di Scienze Politiche; prof.ssa <strong>Marina Castellaneta<\/strong> Docente di diritto internazionale, Giurisprudenza; prof.ssa <strong>Egeria Nalin<\/strong> docente di diritto internazionale, Scienze Politiche; <strong>Filippo Linzalata<\/strong> I lavori in corso aps; <strong>Don Angelo Cassano<\/strong> referente regionale Libera Puglia.<\/p>\n<p style=\"text-align: justify\">Una giornata ricca di incontri e momenti di riflessione con al centro il desiderio di verit\u00e0 e giustizia per Mario Paciolla\u201d.<\/p>\n<p style=\"text-align: right\"><strong>Lavori in Corso<\/strong><\/p>\n","protected":false},"excerpt":{"rendered":"<p>\u201cCome fuoco\u201d di Salvatore de Chiara. Il cantautore Valerio Bruner, dedica una canzone e raccoglie testimonianze e riflessioni di amici<\/p>\n","protected":false},"author":4,"featured_media":5370,"comment_status":"open","ping_status":"closed","sticky":false,"template":"","format":"standard","meta":{"colormag_page_container_layout":"default_layout","colormag_page_sidebar_layout":"default_layout","_monsterinsights_skip_tracking":false,"_monsterinsights_sitenote_active":false,"_monsterinsights_sitenote_note":"","_monsterinsights_sitenote_category":0,"footnotes":""},"categories":[6,7],"tags":[],"class_list":["post-5369","post","type-post","status-publish","format-standard","has-post-thumbnail","hentry","category-eventi","category-regione"],"_links":{"self":[{"href":"https:\/\/gioia.lavocedelpaese.info\/index.php\/wp-json\/wp\/v2\/posts\/5369","targetHints":{"allow":["GET"]}}],"collection":[{"href":"https:\/\/gioia.lavocedelpaese.info\/index.php\/wp-json\/wp\/v2\/posts"}],"about":[{"href":"https:\/\/gioia.lavocedelpaese.info\/index.php\/wp-json\/wp\/v2\/types\/post"}],"author":[{"embeddable":true,"href":"https:\/\/gioia.lavocedelpaese.info\/index.php\/wp-json\/wp\/v2\/users\/4"}],"replies":[{"embeddable":true,"href":"https:\/\/gioia.lavocedelpaese.info\/index.php\/wp-json\/wp\/v2\/comments?post=5369"}],"version-history":[{"count":2,"href":"https:\/\/gioia.lavocedelpaese.info\/index.php\/wp-json\/wp\/v2\/posts\/5369\/revisions"}],"predecessor-version":[{"id":5374,"href":"https:\/\/gioia.lavocedelpaese.info\/index.php\/wp-json\/wp\/v2\/posts\/5369\/revisions\/5374"}],"wp:featuredmedia":[{"embeddable":true,"href":"https:\/\/gioia.lavocedelpaese.info\/index.php\/wp-json\/wp\/v2\/media\/5370"}],"wp:attachment":[{"href":"https:\/\/gioia.lavocedelpaese.info\/index.php\/wp-json\/wp\/v2\/media?parent=5369"}],"wp:term":[{"taxonomy":"category","embeddable":true,"href":"https:\/\/gioia.lavocedelpaese.info\/index.php\/wp-json\/wp\/v2\/categories?post=5369"},{"taxonomy":"post_tag","embeddable":true,"href":"https:\/\/gioia.lavocedelpaese.info\/index.php\/wp-json\/wp\/v2\/tags?post=5369"}],"curies":[{"name":"wp","href":"https:\/\/api.w.org\/{rel}","templated":true}]}}