{"id":5169,"date":"2024-10-24T09:15:05","date_gmt":"2024-10-24T09:15:05","guid":{"rendered":"https:\/\/gioia.lavocedelpaese.info\/?p=5169"},"modified":"2024-10-31T09:22:11","modified_gmt":"2024-10-31T09:22:11","slug":"chiusura-mese-mariano-in-questo-mese-abbiamo-pregato-per-le-famiglie-e-la-pace","status":"publish","type":"post","link":"https:\/\/gioia.lavocedelpaese.info\/index.php\/2024\/10\/24\/chiusura-mese-mariano-in-questo-mese-abbiamo-pregato-per-le-famiglie-e-la-pace\/","title":{"rendered":"\u201cChiusura mese mariano. In questo mese abbiamo pregato per le famiglie e la pace\u201d"},"content":{"rendered":"<p style=\"text-align: justify\"><img decoding=\"async\" class=\"size-full wp-image-5171 alignleft\" src=\"https:\/\/gioia.lavocedelpaese.info\/wp-content\/uploads\/2024\/10\/IMMAGINE-1.jpg\" alt=\"\" width=\"400\" height=\"635\" srcset=\"https:\/\/gioia.lavocedelpaese.info\/wp-content\/uploads\/2024\/10\/IMMAGINE-1.jpg 504w, https:\/\/gioia.lavocedelpaese.info\/wp-content\/uploads\/2024\/10\/IMMAGINE-1-189x300.jpg 189w\" sizes=\"(max-width: 400px) 100vw, 400px\" \/>\u201cEsortata da <strong>Papa Francesco<\/strong>, la Confraternita del SS. Rosario non solo il 6 ottobre scorso ha elevato al cielo una accorata preghiera per la pace, ma lo sta facendo per tutto il mese di ottobre, all\u2019interno della piccola chiesa di San Domenico. Infatti, durante la recita del Santo Rosario dedicato alle famiglie, gli associati alla congrega gioiese hanno affidato alla B.V. Maria del SS. Rosario non solo le famiglie che ne hanno fatto richiesta, ma anche chi \u2013 sottolinea da sempre il Pontefice -, in questi tempi di guerre e di disastri ambientali, sta vivendo sulla sua pelle queste non semplici difficolt\u00e0. Ed oltre a questo ci sta esortando a pregare per la pace, senza per\u00f2 tralasciare, si legge nel messaggio rivolto all\u2019Azione cattolica, raccolto dai media in occasione della \u201c98esima Giornata Missionaria Mondiale\u201d di pregare anche per i migranti che fuggono da guerre e povert\u00e0. Perch\u00e9, dice il Pontefice: \u00abIl migrante, Dio lo ama molto, se ne prende cura. Non possiamo chiudere la porta al migrante. Il migrante deve essere ascoltato, accompagnato, promosso e integrato\u00bb.<\/p>\n<p style=\"text-align: justify\">Un mese di preghiere che si chiuder\u00e0 gioved\u00ec 31 ottobre in San Domenico, ore 16:45 recita del S. Rosario e a seguire la Celebrazione Eucaristica ufficiata dal padre spirituale <strong>don Tonino Posa<\/strong>.<\/p>\n<p style=\"text-align: justify\">\u00abIl rosario \u00e8 una preghiera impegnativa \u2013 scriveva Mons. <strong>Domenico Ciavarella<\/strong>, nel messaggio pubblicato all\u2019interno della brochure della festa 2024 &#8211; ma non \u00e8 da trascurare; non pu\u00f2 essere semplicemente una pratica di devozione mariana, ma un cammino di maturit\u00e0 spirituale\u00bb.<\/p>\n<p style=\"text-align: justify\">Quello che ogni anno ci prefiggiamo come Confraternita nel diffondere questa semplice ed efficace preghiera.<\/p>\n<p style=\"text-align: justify\">\u00abE per questo \u2013 chiude don Mim\u00ec -, esprimo vivo apprezzamento e sincera gratitudine alla Confraternita del SS. Rosario non solo per lo zelo costante prodigato nella cura della casa del Signore (Chiesa di San Domenico), ma soprattutto per il prezioso impegno nella diffusione della corona del rosario e per la dedizione profusa nelle varie iniziative gi\u00e0 attuate (specie quella del rosario in e per le famiglie). Affinch\u00e9 il Rosario diventi ancora per tanti la: \u201ccatena dolce che ci rannodi a Dio\u201d\u00bb.\u201d<\/p>\n<p style=\"text-align: right\"><strong>Confraternita SS. Rosario<\/strong><\/p>\n","protected":false},"excerpt":{"rendered":"<p>\u201cEsortata da Papa Francesco, la Confraternita del SS. Rosario non solo il 6 ottobre scorso ha elevato al cielo una<\/p>\n","protected":false},"author":4,"featured_media":5170,"comment_status":"open","ping_status":"closed","sticky":false,"template":"","format":"standard","meta":{"colormag_page_container_layout":"default_layout","colormag_page_sidebar_layout":"default_layout","_monsterinsights_skip_tracking":false,"_monsterinsights_sitenote_active":false,"_monsterinsights_sitenote_note":"","_monsterinsights_sitenote_category":0,"footnotes":""},"categories":[6,7],"tags":[],"class_list":["post-5169","post","type-post","status-publish","format-standard","has-post-thumbnail","hentry","category-eventi","category-regione"],"_links":{"self":[{"href":"https:\/\/gioia.lavocedelpaese.info\/index.php\/wp-json\/wp\/v2\/posts\/5169","targetHints":{"allow":["GET"]}}],"collection":[{"href":"https:\/\/gioia.lavocedelpaese.info\/index.php\/wp-json\/wp\/v2\/posts"}],"about":[{"href":"https:\/\/gioia.lavocedelpaese.info\/index.php\/wp-json\/wp\/v2\/types\/post"}],"author":[{"embeddable":true,"href":"https:\/\/gioia.lavocedelpaese.info\/index.php\/wp-json\/wp\/v2\/users\/4"}],"replies":[{"embeddable":true,"href":"https:\/\/gioia.lavocedelpaese.info\/index.php\/wp-json\/wp\/v2\/comments?post=5169"}],"version-history":[{"count":1,"href":"https:\/\/gioia.lavocedelpaese.info\/index.php\/wp-json\/wp\/v2\/posts\/5169\/revisions"}],"predecessor-version":[{"id":5172,"href":"https:\/\/gioia.lavocedelpaese.info\/index.php\/wp-json\/wp\/v2\/posts\/5169\/revisions\/5172"}],"wp:featuredmedia":[{"embeddable":true,"href":"https:\/\/gioia.lavocedelpaese.info\/index.php\/wp-json\/wp\/v2\/media\/5170"}],"wp:attachment":[{"href":"https:\/\/gioia.lavocedelpaese.info\/index.php\/wp-json\/wp\/v2\/media?parent=5169"}],"wp:term":[{"taxonomy":"category","embeddable":true,"href":"https:\/\/gioia.lavocedelpaese.info\/index.php\/wp-json\/wp\/v2\/categories?post=5169"},{"taxonomy":"post_tag","embeddable":true,"href":"https:\/\/gioia.lavocedelpaese.info\/index.php\/wp-json\/wp\/v2\/tags?post=5169"}],"curies":[{"name":"wp","href":"https:\/\/api.w.org\/{rel}","templated":true}]}}