{"id":4722,"date":"2024-08-29T11:16:11","date_gmt":"2024-08-29T11:16:11","guid":{"rendered":"https:\/\/gioia.lavocedelpaese.info\/?p=4722"},"modified":"2024-09-12T12:59:34","modified_gmt":"2024-09-12T12:59:34","slug":"emersi-culture-della-superficie-con-danza-musica-teatro-cena-sociale","status":"publish","type":"post","link":"https:\/\/gioia.lavocedelpaese.info\/index.php\/2024\/08\/29\/emersi-culture-della-superficie-con-danza-musica-teatro-cena-sociale\/","title":{"rendered":"\u201cEmersi &#8211; Culture della Superficie\u201d con Danza \u2013 Musica \u2013 Teatro \u2013 Cena sociale"},"content":{"rendered":"<p style=\"text-align: justify\"><img decoding=\"async\" class=\"size-full wp-image-4724 alignleft\" src=\"https:\/\/gioia.lavocedelpaese.info\/wp-content\/uploads\/2024\/08\/EMERSI-24-POSTER.jpg\" alt=\"\" width=\"400\" height=\"571\" srcset=\"https:\/\/gioia.lavocedelpaese.info\/wp-content\/uploads\/2024\/08\/EMERSI-24-POSTER.jpg 560w, https:\/\/gioia.lavocedelpaese.info\/wp-content\/uploads\/2024\/08\/EMERSI-24-POSTER-210x300.jpg 210w\" sizes=\"(max-width: 400px) 100vw, 400px\" \/>\u201cDopo il successo dello scorso anno, la fine dell\u2019estate si celebra nel migliore dei modi: torna \u201cEMERSI \u00a0\u2013 Culture della Superficie\u201d, nel paese che lo ha ideato e coltivato, Gioia del Colle.<\/p>\n<p style=\"text-align: justify\">Nato da un&#8217;idea dell\u2019associazione culturale B-PED, EMERSI \u00e8 organizzato in collaborazione con REMI Aps e ha il patrocinio del Comune di Gioia del Colle. EMERSI ambisce a creare uno spazio di espressione del nostro sfaccettato presente attraverso i linguaggi artistici, quest\u2019anno con un focus sul concetto di <em>partenze e ritorni.<\/em><\/p>\n<p style=\"text-align: justify\">\u201cEMERSI &#8211; Culture della superficie\u201d \u00e8 un progetto di festival di arti performative pensato per quei luoghi in Italia, come l\u2019entroterra pugliese, che sono pregni di storia e di arte, ma che stanno vivendo negli ultimi anni un lento spopolamento sia a causa di fattori economici e di carenza di opportunit\u00e0 per i giovani, sia a causa delle difficolt\u00e0 create dai cambiamento climatico. L\u2019obiettivo, dunque, \u00e8 agire, per mezzo della cultura, sullo sviluppo socio economico dei territori ad alto spopolamento giovanile, valorizzandone risorse e talenti, attraverso la cooperazione tra entit\u00e0 locali e ospiti del panorama artistico nazionale e non. EMERSI, infatti, \u00e8 diventato parte di EFA (European Festival Association).<\/p>\n<p style=\"text-align: justify\">Perch\u00e9 il nome \u201cEMERSI\u201d? Perch\u00e9 <em>emersa<\/em> \u00e8 la necessit\u00e0 di trovare nuove forme di comunit\u00e0, di costruirne le basi dando valore alla diversit\u00e0; perch\u00e9 <em>emerge<\/em> il bisogno di uno spazio di dialogo tra gruppi sociali che si dividono sempre pi\u00f9 in base a ideologie contrapposte; <em>emerge<\/em> l\u2019impossibilit\u00e0 di continuare a pensare alla tradizione come qualcosa che va preservato soffocando le nuove forme di espressione della realt\u00e0; perch\u00e9 sono <em>emerse<\/em> nuove voci di nuovi artisti, prospettive non considerate n\u00e9 possibili dalle precedenti generazioni.<\/p>\n<p style=\"text-align: justify\">Nella cornice dell\u2019anfiteatro della Zona 167 di Gioia del Colle, l\u2019arte e la cultura sono elementi parte di un momento capace di essere educativo e divulgativo ma anche conviviale.\u00a0 Grazie al sostegno del Dipartimento Agricoltura, Sviluppo Rurale ed Ambientale della Regione Puglia, il Festival \u00e8 riuscito a intercettare le realt\u00e0 produttive locali e a inserire la tradizione culinaria locale in un contesto sperimentale e contemporaneo che dimostra quanto valorizzare la propria cultura di origine debba andare al passo con l\u2019innovazione e il cambiamento sociale.<\/p>\n<p style=\"text-align: justify\"><strong>Il programma<\/strong><\/p>\n<p style=\"text-align: justify\">Si comincia <strong>venerd\u00ec 30 agosto<\/strong> con STAY PARK STAY EMERSI. A partire dalle 20.30, al parchetto dell\u2019anfiteatro in via Sandro Pertini, il festival si inaugura con la performance \u201cKlore\u201d di Mariangela Di Santo. Klore rielabora la tradizionale tarantella Lucana in chiave contemporanea, cos\u00ec come Apulian Punch riproporr\u00e0 durante la serata il tradizionale vino Primitivo in una forma innovativa, miscelandolo con ingredienti locali per creare cocktail che uniscono la tradizione enologica pugliese con le tendenze moderne del beverage. A seguire, un dj set a cura di REMI aps, in collaborazione con Intersezioni sonore (lineup: Renvto\/Daraio\/cosmic Garden).<\/p>\n<p style=\"text-align: justify\"><strong>Sabato 31 agosto<\/strong> l\u2019evento si sposta nel cuore della citt\u00e0 di Gioia del Colle, su via Roma. Qui, alle 19, le danze continueranno con FORREST, la performance itinerante di e con Rafael Candela. Alle 21, invece, si torna dove tutto \u00e8 partito, all\u2019anfiteatro di via Sandro Pertini, che far\u00e0 da sfondo allo spettacolo \u201cQUAND LES CARTES SERONT BLANCHES \u2013 spin off\u201d, restituzione della residenza internazionale del collettivo belga Thi\u00e9baut\/Lahaut\/Pittal\u00e0, in collaborazione con SIC!ProgettAzioni Culturali.<\/p>\n<p style=\"text-align: justify\">Non a caso, infatti, EMERSI, a partire dall\u2019edizione 2024, si apre a una prospettiva di internazionalizzazione dell\u2019evento. Dopo essere entrato a far parte della piattaforma dei Festival europei EFA, ha avviato la collaborazione con il collettivo belga Thi\u00e9baut\/Lahaut\/Pittal\u00e0 che proporr\u00e0 una settimana di laboratorio in collaborazione con SIC! ProgettAzioni Culturali\u201d, a partire dallo spettacolo \u201cQUAND LES CARTES SERONT BLANCHES &#8211; Quando le carte saranno bianche\u201d.<\/p>\n<p style=\"text-align: justify\">EMERSI, inoltre, garantir\u00e0 al territorio anche eventi collaterali, come laboratori di formazione con artist3 ospiti per allieve e allievi delle scuole di danza del territorio, come l\u2019incontro, sabato 31 agosto prima dello spettacolo, con la carbon manager Gea Angiuli, che parler\u00e0 dell\u2019impatto del cambiamento climatico sulla produzione agroalimentare del territorio mediterraneo.<\/p>\n<p style=\"text-align: justify\"><strong>Domenica 1\u00b0 settembre<\/strong>, infine, il festival si chiude con \u201c(NON) VENITE MANGIATI\u201d, sempre al parchetto dell\u2019Anfiteatro, dalle 19:30, per una cena sociale in collaborazione con 800V + una JAM SESSION di musica e danza. I posti gratuiti disponibili sono 40. Come prenotare? Baster\u00e0 mandare una mail all\u2019indirizzo bped.associazione@gmail.com. Tanto divertimento e un\u2019unica regola: portare un piatto da casa, che sar\u00e0 riempito dallo staff dell\u2019evento. Una cena ricca di sorprese attorno a un tipico piatto povero: una pasta alla crudaiola cucinata con i prodotti di Caseificio Nettis, F.lli Capurso, Pastificio Svevo. Tenute Nettis si occuper\u00e0 di non far mancare un calice di vino ai partecipanti\u201d.<\/p>\n<p style=\"text-align: right\"><strong>Associazione culturale B-PED <\/strong><\/p>\n<p style=\"text-align: right\"><strong>Associazione REMI<\/strong><\/p>\n","protected":false},"excerpt":{"rendered":"<p>\u201cDopo il successo dello scorso anno, la fine dell\u2019estate si celebra nel migliore dei modi: torna \u201cEMERSI \u00a0\u2013 Culture della<\/p>\n","protected":false},"author":4,"featured_media":4723,"comment_status":"open","ping_status":"closed","sticky":false,"template":"","format":"standard","meta":{"colormag_page_container_layout":"default_layout","colormag_page_sidebar_layout":"default_layout","_monsterinsights_skip_tracking":false,"_monsterinsights_sitenote_active":false,"_monsterinsights_sitenote_note":"","_monsterinsights_sitenote_category":0,"footnotes":""},"categories":[6,7],"tags":[],"class_list":["post-4722","post","type-post","status-publish","format-standard","has-post-thumbnail","hentry","category-eventi","category-regione"],"_links":{"self":[{"href":"https:\/\/gioia.lavocedelpaese.info\/index.php\/wp-json\/wp\/v2\/posts\/4722","targetHints":{"allow":["GET"]}}],"collection":[{"href":"https:\/\/gioia.lavocedelpaese.info\/index.php\/wp-json\/wp\/v2\/posts"}],"about":[{"href":"https:\/\/gioia.lavocedelpaese.info\/index.php\/wp-json\/wp\/v2\/types\/post"}],"author":[{"embeddable":true,"href":"https:\/\/gioia.lavocedelpaese.info\/index.php\/wp-json\/wp\/v2\/users\/4"}],"replies":[{"embeddable":true,"href":"https:\/\/gioia.lavocedelpaese.info\/index.php\/wp-json\/wp\/v2\/comments?post=4722"}],"version-history":[{"count":3,"href":"https:\/\/gioia.lavocedelpaese.info\/index.php\/wp-json\/wp\/v2\/posts\/4722\/revisions"}],"predecessor-version":[{"id":4733,"href":"https:\/\/gioia.lavocedelpaese.info\/index.php\/wp-json\/wp\/v2\/posts\/4722\/revisions\/4733"}],"wp:featuredmedia":[{"embeddable":true,"href":"https:\/\/gioia.lavocedelpaese.info\/index.php\/wp-json\/wp\/v2\/media\/4723"}],"wp:attachment":[{"href":"https:\/\/gioia.lavocedelpaese.info\/index.php\/wp-json\/wp\/v2\/media?parent=4722"}],"wp:term":[{"taxonomy":"category","embeddable":true,"href":"https:\/\/gioia.lavocedelpaese.info\/index.php\/wp-json\/wp\/v2\/categories?post=4722"},{"taxonomy":"post_tag","embeddable":true,"href":"https:\/\/gioia.lavocedelpaese.info\/index.php\/wp-json\/wp\/v2\/tags?post=4722"}],"curies":[{"name":"wp","href":"https:\/\/api.w.org\/{rel}","templated":true}]}}