{"id":2968,"date":"2023-10-04T10:16:29","date_gmt":"2023-10-04T10:16:29","guid":{"rendered":"https:\/\/gioia.lavocedelpaese.info\/?p=2968"},"modified":"2023-10-12T19:03:03","modified_gmt":"2023-10-12T19:03:03","slug":"nico-berardi-e-antonio-amato-in-concerto-per-la-madonna-del-rosario","status":"publish","type":"post","link":"https:\/\/gioia.lavocedelpaese.info\/index.php\/2023\/10\/04\/nico-berardi-e-antonio-amato-in-concerto-per-la-madonna-del-rosario\/","title":{"rendered":"Nico Berardi e Antonio Amato in concerto per la Madonna del Rosario"},"content":{"rendered":"<p style=\"text-align: justify\"><img decoding=\"async\" class=\"size-medium wp-image-2970 alignleft\" src=\"https:\/\/gioia.lavocedelpaese.info\/wp-content\/uploads\/2023\/10\/Antonio-Amato-salento-pizzica-300x211.jpg\" alt=\"\" width=\"400\" height=\"281\" srcset=\"https:\/\/gioia.lavocedelpaese.info\/wp-content\/uploads\/2023\/10\/Antonio-Amato-salento-pizzica-300x211.jpg 300w, https:\/\/gioia.lavocedelpaese.info\/wp-content\/uploads\/2023\/10\/Antonio-Amato-salento-pizzica-130x90.jpg 130w, https:\/\/gioia.lavocedelpaese.info\/wp-content\/uploads\/2023\/10\/Antonio-Amato-salento-pizzica.jpg 590w\" sizes=\"(max-width: 400px) 100vw, 400px\" \/>Il 7 ottobre a conclusione delle festivit\u00e0 della Madonna del Rosario si terr\u00e0 alle 20.30 presso il Chiostro del Comune di Gioia il concerto degli Inti Raymi \u201cSulle ali del Condor &#8211; Il folklore della musica delle Ande\u201d sotto la direzione artistica di <strong>Nico Berardi<\/strong>, cui si affiancher\u00e0 <strong>Antonio Amato<\/strong> con ballate e canti devozionali che ci trascineranno dalle Ande nel Salento.<\/p>\n<p style=\"text-align: justify\">Due eccellenze che grazie all\u2019amicizia dell\u2019avvocato <strong>Vincenzo Milano <\/strong>giungono a Gioia per donare alla citt\u00e0 una indimenticabile serata. Il concerto proposto alla Confraternita del Santissimo Rosario per impreziosire i festeggiamenti della Madonna \u00e8 stato prontamente accettato e condiviso.<\/p>\n<p style=\"text-align: justify\"><img decoding=\"async\" class=\"size-medium wp-image-2971 alignright\" src=\"https:\/\/gioia.lavocedelpaese.info\/wp-content\/uploads\/2023\/10\/WhatsApp-Image-2023-10-02-at-13.47.24-210x300.jpeg\" alt=\"\" width=\"400\" height=\"571\" srcset=\"https:\/\/gioia.lavocedelpaese.info\/wp-content\/uploads\/2023\/10\/WhatsApp-Image-2023-10-02-at-13.47.24-210x300.jpeg 210w, https:\/\/gioia.lavocedelpaese.info\/wp-content\/uploads\/2023\/10\/WhatsApp-Image-2023-10-02-at-13.47.24.jpeg 560w\" sizes=\"(max-width: 400px) 100vw, 400px\" \/>Nico Berardi (flauti, charango, voce, direzione artistica) suoner\u00e0 con <strong>Patricia Cives<\/strong> (charango e voce), Paolo Mastronardi (chitarra e voce), <strong>Giorgio Di Lecce<\/strong> (percussioni, flauti, voce) e <strong>Salvatore Ancora<\/strong> (contrabbasso) con la partecipazione straordinaria di <strong>Lunn Dilecce<\/strong> (violino) e <strong>Mario Pugliese<\/strong> con il suo live painting. Interverranno <strong>Rocco Capri Chiumarulo<\/strong> e <strong>Giovanni De Palma<\/strong>, presenter\u00e0 la serata <strong>Nino Capozzi.<\/strong><\/p>\n<p style=\"text-align: justify\">Con <strong>Antonio Amato<\/strong>, voce e tamburello e chitarra &#8211; storico musicista della Taranta &#8211; suoneranno <strong>Nico Berardi<\/strong>, <strong>Roberto Gemma<\/strong> (fisarmonica), <strong>Valerio Rizzello<\/strong> (pianoforte e oboe) e <strong>Giacomo Casciaro<\/strong> (mandola, mandolino e voce).<\/p>\n<p style=\"text-align: justify\">Per meglio apprezzare gli ospiti ricordiamo che <strong>Nico Berardi<\/strong>,- fondatore del Inti Raymi &#8211; \u00e8 docente al Conservatorio Tito Schipa di Lecce della Cattedra di Fiati Popolari, nonch\u00e9 musicista dell\u2019Orchestra Popolare della Notte della Taranta, non a caso uno dei migliori polistrumentisti italiani nell\u2019ambito della musica popolare, maestro e innovatore della zampogna. Studioso ed interprete della musica folklorica latino americana, maestro di charango di livello internazionale, per primo mescola strumenti e ritmi andini con la musica popolare dell\u2019Italia del Sud. Una fusione porta in giro per il mondo attraverso una intensa attivit\u00e0 concertistica. Ha anche partecipato alla realizzazione di opere di Ramirez, Advis, Handel, Zimarino\u2026 Tra le sue collaborazioni pi\u00f9 significative: Roberto De Simone e Horacio Duran Vidal (fondatore degli IntiIllimani).<\/p>\n<p style=\"text-align: justify\"><strong>Antonio\u00a0Amato<\/strong> artista eclettico e frontman dell\u2019omonima Ensemble, si \u00e8 saputo affermare nel corso della sua lunga carriera come uno dei cantanti-interpreti pi\u00f9 rappresentativi del Salento. Con il suo gruppo \u00e8 autore di Spingula maringula, Incanto, Misticanza e Furtuna che coniugano le sonorit\u00e0 della musica popolare a quelle classiche in un connubio davvero originale.<\/p>\n<p><img decoding=\"async\" class=\"size-medium wp-image-2972 aligncenter\" src=\"https:\/\/gioia.lavocedelpaese.info\/wp-content\/uploads\/2023\/10\/WhatsApp-Image-2023-10-02-at-13.47.25-210x300.jpeg\" alt=\"\" width=\"650\" height=\"929\" srcset=\"https:\/\/gioia.lavocedelpaese.info\/wp-content\/uploads\/2023\/10\/WhatsApp-Image-2023-10-02-at-13.47.25-210x300.jpeg 210w, https:\/\/gioia.lavocedelpaese.info\/wp-content\/uploads\/2023\/10\/WhatsApp-Image-2023-10-02-at-13.47.25.jpeg 504w\" sizes=\"(max-width: 650px) 100vw, 650px\" \/><\/p>\n","protected":false},"excerpt":{"rendered":"<p>Il 7 ottobre a conclusione delle festivit\u00e0 della Madonna del Rosario si terr\u00e0 alle 20.30 presso il Chiostro del Comune<\/p>\n","protected":false},"author":4,"featured_media":2969,"comment_status":"open","ping_status":"closed","sticky":false,"template":"","format":"standard","meta":{"colormag_page_container_layout":"default_layout","colormag_page_sidebar_layout":"default_layout","_monsterinsights_skip_tracking":false,"_monsterinsights_sitenote_active":false,"_monsterinsights_sitenote_note":"","_monsterinsights_sitenote_category":0,"footnotes":""},"categories":[6,7],"tags":[],"class_list":["post-2968","post","type-post","status-publish","format-standard","has-post-thumbnail","hentry","category-eventi","category-regione"],"_links":{"self":[{"href":"https:\/\/gioia.lavocedelpaese.info\/index.php\/wp-json\/wp\/v2\/posts\/2968","targetHints":{"allow":["GET"]}}],"collection":[{"href":"https:\/\/gioia.lavocedelpaese.info\/index.php\/wp-json\/wp\/v2\/posts"}],"about":[{"href":"https:\/\/gioia.lavocedelpaese.info\/index.php\/wp-json\/wp\/v2\/types\/post"}],"author":[{"embeddable":true,"href":"https:\/\/gioia.lavocedelpaese.info\/index.php\/wp-json\/wp\/v2\/users\/4"}],"replies":[{"embeddable":true,"href":"https:\/\/gioia.lavocedelpaese.info\/index.php\/wp-json\/wp\/v2\/comments?post=2968"}],"version-history":[{"count":1,"href":"https:\/\/gioia.lavocedelpaese.info\/index.php\/wp-json\/wp\/v2\/posts\/2968\/revisions"}],"predecessor-version":[{"id":2973,"href":"https:\/\/gioia.lavocedelpaese.info\/index.php\/wp-json\/wp\/v2\/posts\/2968\/revisions\/2973"}],"wp:featuredmedia":[{"embeddable":true,"href":"https:\/\/gioia.lavocedelpaese.info\/index.php\/wp-json\/wp\/v2\/media\/2969"}],"wp:attachment":[{"href":"https:\/\/gioia.lavocedelpaese.info\/index.php\/wp-json\/wp\/v2\/media?parent=2968"}],"wp:term":[{"taxonomy":"category","embeddable":true,"href":"https:\/\/gioia.lavocedelpaese.info\/index.php\/wp-json\/wp\/v2\/categories?post=2968"},{"taxonomy":"post_tag","embeddable":true,"href":"https:\/\/gioia.lavocedelpaese.info\/index.php\/wp-json\/wp\/v2\/tags?post=2968"}],"curies":[{"name":"wp","href":"https:\/\/api.w.org\/{rel}","templated":true}]}}