{"id":2159,"date":"2023-07-28T20:37:41","date_gmt":"2023-07-28T20:37:41","guid":{"rendered":"https:\/\/gioia.lavocedelpaese.info\/?p=2159"},"modified":"2023-07-30T23:23:21","modified_gmt":"2023-07-30T23:23:21","slug":"arriva-anche-a-gioia-miss-mamma-grazie-ad-anna-maria-renna","status":"publish","type":"post","link":"https:\/\/gioia.lavocedelpaese.info\/index.php\/2023\/07\/28\/arriva-anche-a-gioia-miss-mamma-grazie-ad-anna-maria-renna\/","title":{"rendered":"Arriva anche a Gioia \u201cMiss Mamma\u201d grazie ad Anna Maria Renna"},"content":{"rendered":"\n<figure class=\"wp-block-image alignleft size-full is-resized\"><img decoding=\"async\" src=\"https:\/\/gioia.lavocedelpaese.info\/wp-content\/uploads\/2023\/07\/loc-29.07.23-miss-mamma.jpg\" alt=\"\" class=\"wp-image-2161\" width=\"412\" height=\"487\" srcset=\"https:\/\/gioia.lavocedelpaese.info\/wp-content\/uploads\/2023\/07\/loc-29.07.23-miss-mamma.jpg 676w, https:\/\/gioia.lavocedelpaese.info\/wp-content\/uploads\/2023\/07\/loc-29.07.23-miss-mamma-254x300.jpg 254w\" sizes=\"(max-width: 412px) 100vw, 412px\" \/><\/figure>\n\n\n\n<p>Grazie all\u2019impegno di <strong>Anna Maria Renna<\/strong>, madrina d\u2019onore e Miss Mamma pollice verde 2021, la 30^ Edizione di Miss Mamma Italiana si terr\u00e0 a Gioia in Piazza Plebiscito sabato 29 luglio alle 20.30. Il concorso nazionale di bellezza e simpatia sar\u00e0 presentato da <strong>Lucia Dipaola<\/strong>, Miss mamma Glamour 2015.<\/p>\n\n\n\n<p>Ricordiamo che Miss Mamma \u00e8 un\u2019idea TE.Ma organizzazione spettacoli, un concorso nazionale di bellezza e simpatia ideato da <strong>Paolo Teti<\/strong>&nbsp;riservato a tutte le mamme di et\u00e0 compresa tra i 25 e i 45 anni, con fascia \u201cMiss Mamma Italiana Gold\u201d per le mamme dai 46 ai 55 anni e fascia \u201cMiss Mamma Italiana Evergreen\u201d per le mamme dai 56 anni a salire.<\/p>\n\n\n\n<p>Lo scopo principale del Concorso \u00e8 quello di valorizzare al massimo la figura della Donna e in modo particolare quello della Mamma.<\/p>\n\n\n\n<p>\u201cMiss Mamma Italiana \u2013 precisa Paolo Teti &#8211; ha nel suo intento uno sguardo pi\u00f9 profondo, un\u2019attenzione che oltre alla bellezza delle partecipanti coglier\u00e0 l\u2019espressione pi\u00f9 completa della loro personalit\u00e0, perch\u00e9 la mamma eletta sia la fusione di tutte le identit\u00e0 materne del paese. Non faremo quindi semplicemente salire le aspiranti Miss su una passerella, parleremo con loro della famiglia, del lavoro, dei loro hobbies, del mondo che ci circonda e faremo sostenere loro simpatiche prove di abilit\u00e0.\u201d<\/p>\n","protected":false},"excerpt":{"rendered":"<p>Grazie all\u2019impegno di Anna Maria Renna, madrina d\u2019onore e Miss Mamma pollice verde 2021, la 30^ Edizione di Miss Mamma<\/p>\n","protected":false},"author":4,"featured_media":2160,"comment_status":"open","ping_status":"closed","sticky":false,"template":"","format":"standard","meta":{"colormag_page_container_layout":"default_layout","colormag_page_sidebar_layout":"default_layout","_monsterinsights_skip_tracking":false,"_monsterinsights_sitenote_active":false,"_monsterinsights_sitenote_note":"","_monsterinsights_sitenote_category":0,"footnotes":""},"categories":[6,30],"tags":[],"class_list":["post-2159","post","type-post","status-publish","format-standard","has-post-thumbnail","hentry","category-eventi","category-news"],"_links":{"self":[{"href":"https:\/\/gioia.lavocedelpaese.info\/index.php\/wp-json\/wp\/v2\/posts\/2159","targetHints":{"allow":["GET"]}}],"collection":[{"href":"https:\/\/gioia.lavocedelpaese.info\/index.php\/wp-json\/wp\/v2\/posts"}],"about":[{"href":"https:\/\/gioia.lavocedelpaese.info\/index.php\/wp-json\/wp\/v2\/types\/post"}],"author":[{"embeddable":true,"href":"https:\/\/gioia.lavocedelpaese.info\/index.php\/wp-json\/wp\/v2\/users\/4"}],"replies":[{"embeddable":true,"href":"https:\/\/gioia.lavocedelpaese.info\/index.php\/wp-json\/wp\/v2\/comments?post=2159"}],"version-history":[{"count":1,"href":"https:\/\/gioia.lavocedelpaese.info\/index.php\/wp-json\/wp\/v2\/posts\/2159\/revisions"}],"predecessor-version":[{"id":2162,"href":"https:\/\/gioia.lavocedelpaese.info\/index.php\/wp-json\/wp\/v2\/posts\/2159\/revisions\/2162"}],"wp:featuredmedia":[{"embeddable":true,"href":"https:\/\/gioia.lavocedelpaese.info\/index.php\/wp-json\/wp\/v2\/media\/2160"}],"wp:attachment":[{"href":"https:\/\/gioia.lavocedelpaese.info\/index.php\/wp-json\/wp\/v2\/media?parent=2159"}],"wp:term":[{"taxonomy":"category","embeddable":true,"href":"https:\/\/gioia.lavocedelpaese.info\/index.php\/wp-json\/wp\/v2\/categories?post=2159"},{"taxonomy":"post_tag","embeddable":true,"href":"https:\/\/gioia.lavocedelpaese.info\/index.php\/wp-json\/wp\/v2\/tags?post=2159"}],"curies":[{"name":"wp","href":"https:\/\/api.w.org\/{rel}","templated":true}]}}