{"id":1639,"date":"2023-04-18T10:17:00","date_gmt":"2023-04-18T10:17:00","guid":{"rendered":"https:\/\/gioia.lavocedelpaese.info\/?p=1639"},"modified":"2023-04-22T06:06:04","modified_gmt":"2023-04-22T06:06:04","slug":"ombre-e-tempo-di-teatri-dacqua-il-festival-teatrale-dedicato-allinfanzia","status":"publish","type":"post","link":"https:\/\/gioia.lavocedelpaese.info\/index.php\/2023\/04\/18\/ombre-e-tempo-di-teatri-dacqua-il-festival-teatrale-dedicato-allinfanzia\/","title":{"rendered":"Ombre: \u201c\u00e8 tempo di \u2018Teatri d\u2019acqua\u2019 il festival teatrale dedicato all\u2019infanzia\u201d"},"content":{"rendered":"\n<figure class=\"wp-block-image alignleft size-full is-resized\"><img decoding=\"async\" src=\"https:\/\/gioia.lavocedelpaese.info\/wp-content\/uploads\/2023\/04\/WhatsApp-Image-2023-04-18-at-07.02.15.jpeg\" alt=\"\" class=\"wp-image-1641\" width=\"417\" height=\"590\" srcset=\"https:\/\/gioia.lavocedelpaese.info\/wp-content\/uploads\/2023\/04\/WhatsApp-Image-2023-04-18-at-07.02.15.jpeg 566w, https:\/\/gioia.lavocedelpaese.info\/wp-content\/uploads\/2023\/04\/WhatsApp-Image-2023-04-18-at-07.02.15-212x300.jpeg 212w\" sizes=\"(max-width: 417px) 100vw, 417px\" \/><\/figure>\n\n\n\n<p>Da sabato 15 <strong>fino a domenica 23 aprile 2023, ad Acquaviva delle Fonti<\/strong> \u00e8 tempo di risvegli, \u00e8 tempo di giocare e creare all&#8217;aperto, di guardare e sentire con tutti i sensi, \u00e8 tempo di <strong>&#8220;Teatri d\u2019Acqua&#8221;<\/strong>, il festival teatrale dedicato all&#8217;infanzia, alla pedagogia e all\u2019ecologia. <strong>Un evento culturale, una kermesse interamente ispirata all\u2019arte teatrale<\/strong> <strong>e al suo alto valore pedagogico<\/strong>, uno strumento didattico che consente di richiamare l\u2019attenzione di grandi e bambini intorno all\u2019arte teatrale e narrativa.<\/p>\n\n\n\n<p>La manifestazione \u00e8 <strong>organizzata dall&#8217;associazione Ombre<\/strong>, con la direzione artistica di <strong>Rosanna Ventura<\/strong> e gode del patrocinio del Garante dei diritti del Minore, dell\u2019Infanzia e dell\u2019Adolescenza della Regione Puglia, del patrocinio del Comune di Acquaviva delle Fonti, e vede la partecipazione di tante realt\u00e0 associazionistiche e imprenditoriali locali.<\/p>\n\n\n\n<p>Con \u201cTeatri d\u2019Acqua\u201d <strong>il Teatro incontra la Citt\u00e0 per celebrare l\u2019infanzia<\/strong>, attraverso le reciproche interazioni con la drammaturgia, la letteratura e le arti sceniche. L\u2019attenzione \u00e8 rivolta in particolare ai mutamenti che intervengono nella vita e nelle azioni di ciascuna bambina e bambino, relativamente alle fasi di crescita, al contesto storico e sociale, con particolare interesse verso lo scambio generazionale, in un momento e contesto storico molto delicati, in cui l\u2019apparire \u00e8 pi\u00f9 forte dell\u2019essere e lo scambio virtuale spesso si sostituisce al contatto umano. La narrazione diventa quindi strumento di scambio possibile e totale: la narrazione verbale e del movimento attraverso lo spettacolo condiviso.<\/p>\n\n\n\n<p><strong>I giovanissimi e i grandi partecipanti saranno interpreti ed anche creatori<\/strong> di un evento che non li rende solamente fruitori, ma attori principali dello spettacolo e generatori dell\u2019atto creativo stesso. Il programma del Festival \u201cTeatri d\u2019Acqua\u201d si compone infatti di momenti di formazione e cre-azione quali: il laboratorio di danza urbana, i laboratori di lettura e creazione, il seminario di teatro-danza, i focus pedagogici, le visite guidate ed ovviamente di spettacoli teatrali.<\/p>\n\n\n\n<figure class=\"wp-block-image alignright size-full is-resized\"><img decoding=\"async\" src=\"https:\/\/gioia.lavocedelpaese.info\/wp-content\/uploads\/2023\/04\/341398464_1037341593901388_6623545442341179279_n.jpg\" alt=\"\" class=\"wp-image-1642\" width=\"414\" height=\"311\" srcset=\"https:\/\/gioia.lavocedelpaese.info\/wp-content\/uploads\/2023\/04\/341398464_1037341593901388_6623545442341179279_n.jpg 1000w, https:\/\/gioia.lavocedelpaese.info\/wp-content\/uploads\/2023\/04\/341398464_1037341593901388_6623545442341179279_n-300x225.jpg 300w, https:\/\/gioia.lavocedelpaese.info\/wp-content\/uploads\/2023\/04\/341398464_1037341593901388_6623545442341179279_n-768x576.jpg 768w\" sizes=\"(max-width: 414px) 100vw, 414px\" \/><\/figure>\n\n\n\n<p>Si ringraziano tutti coloro che credono nella diffusione della Cultura. I nostri sostenitori pi\u00f9 attenti e sensibili: i bambini e le bambine.<\/p>\n\n\n\n<p><strong>Il Festival<\/strong> \u201cTeatri d\u2019Acqua\u201d con il suo ricco cartellone di eventi e di attivit\u00e0 <strong>sta animando il territorio di Acquaviva delle Fonti.<\/strong><\/p>\n\n\n\n<p>Per tutte le informazioni \u00e8 possibile consultare le pagine social dell\u2019associazione Ombre, mentre le prenotazioni per i laboratori e i biglietti per gli spettacoli teatrali saranno disponibili presso: Il Canarino, Matite Curiose Giocolibreria e Primigi Store. In caso di maltempo, gli eventi all\u2019aperto si terranno nelle sale di Palazzo De Mari.<\/p>\n\n\n\n<p>Si ringrazia l\u2019artista Francesca Quatraro per l\u2019immagine della locandina.<strong>Per ulteriori informazioni<\/strong>: 3284720034 \u2013 3519345903 &#8211; <a href=\"mailto:ombre.associazione@gmail.com\">ombre.associazione@gmail.com<\/a><\/p>\n","protected":false},"excerpt":{"rendered":"<p>Da sabato 15 fino a domenica 23 aprile 2023, ad Acquaviva delle Fonti \u00e8 tempo di risvegli, \u00e8 tempo di<\/p>\n","protected":false},"author":4,"featured_media":1640,"comment_status":"open","ping_status":"closed","sticky":false,"template":"","format":"standard","meta":{"colormag_page_container_layout":"default_layout","colormag_page_sidebar_layout":"default_layout","_monsterinsights_skip_tracking":false,"_monsterinsights_sitenote_active":false,"_monsterinsights_sitenote_note":"","_monsterinsights_sitenote_category":0,"footnotes":""},"categories":[6,30],"tags":[],"class_list":["post-1639","post","type-post","status-publish","format-standard","has-post-thumbnail","hentry","category-eventi","category-news"],"_links":{"self":[{"href":"https:\/\/gioia.lavocedelpaese.info\/index.php\/wp-json\/wp\/v2\/posts\/1639","targetHints":{"allow":["GET"]}}],"collection":[{"href":"https:\/\/gioia.lavocedelpaese.info\/index.php\/wp-json\/wp\/v2\/posts"}],"about":[{"href":"https:\/\/gioia.lavocedelpaese.info\/index.php\/wp-json\/wp\/v2\/types\/post"}],"author":[{"embeddable":true,"href":"https:\/\/gioia.lavocedelpaese.info\/index.php\/wp-json\/wp\/v2\/users\/4"}],"replies":[{"embeddable":true,"href":"https:\/\/gioia.lavocedelpaese.info\/index.php\/wp-json\/wp\/v2\/comments?post=1639"}],"version-history":[{"count":1,"href":"https:\/\/gioia.lavocedelpaese.info\/index.php\/wp-json\/wp\/v2\/posts\/1639\/revisions"}],"predecessor-version":[{"id":1643,"href":"https:\/\/gioia.lavocedelpaese.info\/index.php\/wp-json\/wp\/v2\/posts\/1639\/revisions\/1643"}],"wp:featuredmedia":[{"embeddable":true,"href":"https:\/\/gioia.lavocedelpaese.info\/index.php\/wp-json\/wp\/v2\/media\/1640"}],"wp:attachment":[{"href":"https:\/\/gioia.lavocedelpaese.info\/index.php\/wp-json\/wp\/v2\/media?parent=1639"}],"wp:term":[{"taxonomy":"category","embeddable":true,"href":"https:\/\/gioia.lavocedelpaese.info\/index.php\/wp-json\/wp\/v2\/categories?post=1639"},{"taxonomy":"post_tag","embeddable":true,"href":"https:\/\/gioia.lavocedelpaese.info\/index.php\/wp-json\/wp\/v2\/tags?post=1639"}],"curies":[{"name":"wp","href":"https:\/\/api.w.org\/{rel}","templated":true}]}}