{"id":1323,"date":"2023-03-16T01:38:00","date_gmt":"2023-03-16T01:38:00","guid":{"rendered":"https:\/\/gioia.lavocedelpaese.info\/?p=1323"},"modified":"2023-03-21T13:49:52","modified_gmt":"2023-03-21T13:49:52","slug":"a-sud-del-900-la-cultura-della-rivoluzione-lectio-magistralis-con-mario-spagnoletti-e-marino-pagano","status":"publish","type":"post","link":"https:\/\/gioia.lavocedelpaese.info\/index.php\/2023\/03\/16\/a-sud-del-900-la-cultura-della-rivoluzione-lectio-magistralis-con-mario-spagnoletti-e-marino-pagano\/","title":{"rendered":"A Sud del \u2018900\u2026 Lectio magistralis con Mario Spagnoletti e Marino Pagano"},"content":{"rendered":"\n<figure class=\"wp-block-image alignleft size-large is-resized\"><img decoding=\"async\" src=\"https:\/\/gioia.lavocedelpaese.info\/wp-content\/uploads\/2023\/03\/Mario-Spagnoletti-1024x576.jpg\" alt=\"\" class=\"wp-image-1325\" width=\"406\" height=\"229\" srcset=\"https:\/\/gioia.lavocedelpaese.info\/wp-content\/uploads\/2023\/03\/Mario-Spagnoletti-1024x576.jpg 1024w, https:\/\/gioia.lavocedelpaese.info\/wp-content\/uploads\/2023\/03\/Mario-Spagnoletti-300x169.jpg 300w, https:\/\/gioia.lavocedelpaese.info\/wp-content\/uploads\/2023\/03\/Mario-Spagnoletti-768x432.jpg 768w, https:\/\/gioia.lavocedelpaese.info\/wp-content\/uploads\/2023\/03\/Mario-Spagnoletti.jpg 1280w\" sizes=\"(max-width: 406px) 100vw, 406px\" \/><\/figure>\n\n\n\n<p>Si terr\u00e0 venerd\u00ec, 17 marzo alle ore 18 nel chiostro del Palazzo comunale di Gioia una preziosa Lectio Magistralis su Gaetano Salvemini, politico, uomo e storico. tenuta dal professor <strong>Mario Spagnoletti<\/strong> e da <strong>Marino Pagano<\/strong>. Coordiner\u00e0 l\u2019incontro della rassegna letteraria \u201cA sud del \u2018900\u2026 la cultura della rivoluzione\u201d il giornalista <strong>Giovanni Paradiso, <\/strong>attento nell\u2019osservare ed analizzare le problematiche sociali e politiche nazionali e nell\u2019intuire in quale direzione si sta andando e quali strategie potrebbero mettere un freno al declino della societ\u00e0.<\/p>\n\n\n\n<p>Per l\u2019occasione si parler\u00e0 di autonomia differenziata traendo dal recente passato suggerimenti preziosi per il futuro.<\/p>\n\n\n\n<p><strong>Mario Spagnoletti<\/strong> ricercatore universitario e professore aggregato di Storia Contemporanea presso la Facolt\u00e0 di Scienze Politiche dell\u2019Universit\u00e0 di Bari \u201cAldo Moro\u201d, \u00e8 un raffinato studioso del Risorgimento e del movimento operaio e socialista. Gi\u00e0 docente di Storia de partiti e dei movimenti politici, \u00e8 stato professore di Storia delle Istituzioni presso la Scuola di Paleografia, archivistica e diplomatica annessa all\u2019Archivio di Stato di Bari.<\/p>\n\n\n\n<p>Ha ricoperto la carica di Vicepresidente e poi Presidente facenti funzioni del Comitato Provinciale dell\u2019Istituto per la Storia del Risorgimento di Bari. Attualmente insegna Storia contemporanea presso la Facolt\u00e0 di Scienze Politiche dell\u2019Universit\u00e0 di Bari e si occupa delle trasformazioni socioeconomiche e del ribellismo nel Mezzogiorno d\u2019Italia e nell\u2019Europa centro-orientale nel XX secolo.<\/p>\n\n\n\n<p><strong>Marino Pagano<\/strong>&nbsp;\u00e8 un giornalista culturale e divulgatore storico. Opera tra storia (come formazione) e mondo dei borghi come professione e passione (da giornalista, sui borghi italiani scrive su pi\u00f9 riviste di viaggi, turismo e cultura &#8211; una su tutte,&nbsp;<strong>Borghi Magazine<\/strong>, rivista del Club dei Borghi pi\u00f9 Belli d&#8217;Italia). Collabora alle pagine culturali del quotidiano nazionale&nbsp;<strong>Libero<\/strong>. Scrive di cultura identitaria del Sud e della Puglia, in particolare sulle riviste&nbsp;<strong>CulturaIdentit\u00e0<\/strong>&nbsp;(nazionale),&nbsp;<strong>Puglia Amazing<\/strong>&nbsp;(regionale) ed&nbsp;<strong>Epolis<\/strong>&nbsp;(provinciale).<\/p>\n\n\n\n<figure class=\"wp-block-image alignright size-full is-resized\"><img decoding=\"async\" src=\"https:\/\/gioia.lavocedelpaese.info\/wp-content\/uploads\/2023\/03\/Marino-Pagano.jpg\" alt=\"\" class=\"wp-image-1326\" width=\"409\" height=\"272\" srcset=\"https:\/\/gioia.lavocedelpaese.info\/wp-content\/uploads\/2023\/03\/Marino-Pagano.jpg 768w, https:\/\/gioia.lavocedelpaese.info\/wp-content\/uploads\/2023\/03\/Marino-Pagano-300x200.jpg 300w\" sizes=\"(max-width: 409px) 100vw, 409px\" \/><\/figure>\n\n\n\n<p>Ha esperienza personale di studi in storia medievale. A sua cura anche una collana editoriale, in fase di lancio, con <strong>Radici Future<\/strong>. E&#8217; direttore responsabile della rivista di studi, edita da Edipuglia, Studi Bitontini. Scrive recensioni sulla rivista nazionale Medioevo, edita dalla Giunti. Dirige anche la collana di ricerche storiche presso la casa editrice Secop. E\u2019 presidente del <strong>Centro Ricerche di Storia ed Arte &#8211; Bitonto<\/strong> e si dedica all&#8217;insegnamento di materie letterarie (Geografia ma anche Cittadinanza e Costituzione) in una scuola media della sua citt\u00e0.<\/p>\n\n\n\n<p>Il suo libro &#8220;<em>Chiara Da Montefalco. Una monaca medievale con il cuore aperto al mondo<\/em>&#8220;, \u00e8 vincitore del <strong>Premio Italia Medievale 2021<\/strong>, per la sezione \u201c<em>Editoria<\/em>\u201d, uno dei migliori riconoscimenti italiani destinati ad opere di ricerca storica inerenti la lunga et\u00e0 del <strong>Medioevo<\/strong>.<\/p>\n\n\n\n<p>Ricordiamo che la rassegna letteraria \u201cA sud del \u2018900\u2026 la cultura della rivoluzione\u201d \u00e8 curata da <strong>Tonia Scarnera<\/strong> e <strong>Nicola Vacca<\/strong> con il Patrocinio del Comune di Gioia del Colle e della Citt\u00e0 metropolitana di Bari, in collaborazione con la \u00ab<strong>Comunit\u00e0 Fratello Sole<\/strong>\u00bb, la libreria \u00ab<strong>La Librellula<\/strong>\u00bb, la \u00abAssociazione <strong>Libert\u00e0 e Giustizia<\/strong> <strong>&#8220;Vito A. Vinci&#8221;<\/strong>\u00bb e la \u00ab<strong>Biblioteca LIBeRI DI VOLARE<\/strong> &#8220;<strong>Rosa Protino Vinci<\/strong>&#8221; sta portando a Gioia prestigiosissimi storici, politici e umanisti, ricordiamo il magistrato <strong>Marzia Sabella, Giuseppe Lo Bianco, Cosimo Argentina, Pino Casamassima, Luciana De Palma, Riccardo Nencini, Andrea Leccese, Giovanni Capurso, Valentino Romano<\/strong>, il prossimo 30 marzo <strong>Benedetta Tobagi<\/strong> ed il 19 aprile <strong>Ritanna Armeni<\/strong>.<\/p>\n\n\n\n<figure class=\"wp-block-image aligncenter size-full\"><img decoding=\"async\" width=\"668\" height=\"800\" src=\"https:\/\/gioia.lavocedelpaese.info\/wp-content\/uploads\/2023\/03\/loc-a-sud-del-900-completa.jpg\" alt=\"\" class=\"wp-image-1327\" srcset=\"https:\/\/gioia.lavocedelpaese.info\/wp-content\/uploads\/2023\/03\/loc-a-sud-del-900-completa.jpg 668w, https:\/\/gioia.lavocedelpaese.info\/wp-content\/uploads\/2023\/03\/loc-a-sud-del-900-completa-251x300.jpg 251w\" sizes=\"(max-width: 668px) 100vw, 668px\" \/><\/figure>\n","protected":false},"excerpt":{"rendered":"<p>Si terr\u00e0 venerd\u00ec, 17 marzo alle ore 18 nel chiostro del Palazzo comunale di Gioia una preziosa Lectio Magistralis su<\/p>\n","protected":false},"author":4,"featured_media":1324,"comment_status":"open","ping_status":"closed","sticky":false,"template":"","format":"standard","meta":{"colormag_page_container_layout":"default_layout","colormag_page_sidebar_layout":"default_layout","_monsterinsights_skip_tracking":false,"_monsterinsights_sitenote_active":false,"_monsterinsights_sitenote_note":"","_monsterinsights_sitenote_category":0,"footnotes":""},"categories":[5,30],"tags":[],"class_list":["post-1323","post","type-post","status-publish","format-standard","has-post-thumbnail","hentry","category-cultura","category-news"],"_links":{"self":[{"href":"https:\/\/gioia.lavocedelpaese.info\/index.php\/wp-json\/wp\/v2\/posts\/1323","targetHints":{"allow":["GET"]}}],"collection":[{"href":"https:\/\/gioia.lavocedelpaese.info\/index.php\/wp-json\/wp\/v2\/posts"}],"about":[{"href":"https:\/\/gioia.lavocedelpaese.info\/index.php\/wp-json\/wp\/v2\/types\/post"}],"author":[{"embeddable":true,"href":"https:\/\/gioia.lavocedelpaese.info\/index.php\/wp-json\/wp\/v2\/users\/4"}],"replies":[{"embeddable":true,"href":"https:\/\/gioia.lavocedelpaese.info\/index.php\/wp-json\/wp\/v2\/comments?post=1323"}],"version-history":[{"count":3,"href":"https:\/\/gioia.lavocedelpaese.info\/index.php\/wp-json\/wp\/v2\/posts\/1323\/revisions"}],"predecessor-version":[{"id":1330,"href":"https:\/\/gioia.lavocedelpaese.info\/index.php\/wp-json\/wp\/v2\/posts\/1323\/revisions\/1330"}],"wp:featuredmedia":[{"embeddable":true,"href":"https:\/\/gioia.lavocedelpaese.info\/index.php\/wp-json\/wp\/v2\/media\/1324"}],"wp:attachment":[{"href":"https:\/\/gioia.lavocedelpaese.info\/index.php\/wp-json\/wp\/v2\/media?parent=1323"}],"wp:term":[{"taxonomy":"category","embeddable":true,"href":"https:\/\/gioia.lavocedelpaese.info\/index.php\/wp-json\/wp\/v2\/categories?post=1323"},{"taxonomy":"post_tag","embeddable":true,"href":"https:\/\/gioia.lavocedelpaese.info\/index.php\/wp-json\/wp\/v2\/tags?post=1323"}],"curies":[{"name":"wp","href":"https:\/\/api.w.org\/{rel}","templated":true}]}}