{"id":1038,"date":"2023-02-07T13:15:00","date_gmt":"2023-02-07T13:15:00","guid":{"rendered":"https:\/\/gioia.lavocedelpaese.info\/?p=1038"},"modified":"2023-04-04T08:02:09","modified_gmt":"2023-04-04T08:02:09","slug":"a-sud-del-900-ospita-riccardo-nencini-nella-sala-javarone","status":"publish","type":"post","link":"https:\/\/gioia.lavocedelpaese.info\/index.php\/2023\/02\/07\/a-sud-del-900-ospita-riccardo-nencini-nella-sala-javarone\/","title":{"rendered":"<strong>\u201cA Sud del 900\u201d ospita Riccardo Nencini, nella Sala Javarone<\/strong>"},"content":{"rendered":"\n<figure class=\"wp-block-image alignleft size-large is-resized\"><img decoding=\"async\" src=\"https:\/\/gioia.lavocedelpaese.info\/wp-content\/uploads\/2023\/02\/WhatsApp-Image-2023-02-05-at-23.33.06-855x1024.jpeg\" alt=\"\" class=\"wp-image-1040\" width=\"418\" height=\"500\" srcset=\"https:\/\/gioia.lavocedelpaese.info\/wp-content\/uploads\/2023\/02\/WhatsApp-Image-2023-02-05-at-23.33.06-855x1024.jpeg 855w, https:\/\/gioia.lavocedelpaese.info\/wp-content\/uploads\/2023\/02\/WhatsApp-Image-2023-02-05-at-23.33.06-251x300.jpeg 251w, https:\/\/gioia.lavocedelpaese.info\/wp-content\/uploads\/2023\/02\/WhatsApp-Image-2023-02-05-at-23.33.06-768x919.jpeg 768w, https:\/\/gioia.lavocedelpaese.info\/wp-content\/uploads\/2023\/02\/WhatsApp-Image-2023-02-05-at-23.33.06.jpeg 668w\" sizes=\"(max-width: 418px) 100vw, 418px\" \/><\/figure>\n\n\n\n<p>\u00abDevo essere sincero: bench\u00e9 sia trascorso un secolo, Matteotti apre porte e finestre. Nell\u2019immaginario popolare, il deputato socialista viene ancora considerato quello che fu. L\u2019oppositore del regime, l\u2019antifascista per eccellenza\u00bb.<\/p>\n\n\n\n<p>Queste parole scrive Riccardo Nencini alla fine di&nbsp;Solo, il libro che ha dedicato a Giacomo Matteotti.<\/p>\n\n\n\n<p>Un romanzo politico di oltre seicento pagine sul percorso politico e umano di colui che fu il primo vero antagonista di Mussolini, il fantasma che ha aleggiato sul Fascismo per tutta la durata della dittatura.<\/p>\n\n\n\n<p>Nencini nel suo libro, basato su importanti ricerche di archivio, ricostruisce in forma romanzesca, fornendo una prova di bella scrittura, la passione di un uomo politico e coerente che non ha mai tradito le proprie idee e la vita di questo grande eroe socialista assassinato per difendere la nostra libert\u00e0.<\/p>\n\n\n\n<p>\u00abIo sono un riformista rivoluzionario, non un comunista. Gli italiani devono sapere che i comunisti sono i naturali alleati del fascio, i suoi complici involontari. Se il comunismo non ci fosse, il fascismo lo inventerebbe. La violenza e la dittatura predicata dall\u2019uno diviene il pretesto e la giustificazione della violenza e della dittatura dell\u2019altro\u00bb.<\/p>\n\n\n\n<p>Ecco chi era Giacomo Matteotti, prima di tutto un socialista libertario e riformista come Filippo Turati e fu assassinato prima che dai fascisti dai massimalisti comunisti al servizio di Mosca, occupati, dopo la scissione del 1921, a distruggere i riformisti e la loro credibilit\u00e0 piuttosto che&nbsp;fare fronte comune per evitare l\u2019avanzata di Benito Mussolini.<\/p>\n\n\n\n<p>Gramsci e Togliatti hanno le loro precise responsabilit\u00e0 e non furono mai teneri nei confronti dei compagni socialisti e riformisti che non vollero piegarsi al credo bolscevico, anzi la loro violenza nei loro confronti fu simile a quella dei manganelli fascisti.<\/p>\n\n\n\n<p>Dopo il ritrovamento del corpo di Giacomo Matteotti, Antonio Gramsci pubblic\u00f2 su&nbsp;Stato Operaio&nbsp;un fondo in cui paragonava il segretario del Partito Socialista Unitario a un \u201cpellegrino del nulla\u201d.<\/p>\n\n\n\n<p>Solo&nbsp;\u00e8 un romanzo politico ma \u00e8 anche un romanzo storico. Matteotti \u00e8 il primo che intuisce che il fascismo non \u00e8 una cosa vecchia mentre i liberali giolittiani ritenevano che il fascismo fosse una reazione al biennio rosso. I comunisti pensavano che il fascismo&nbsp;fosse l\u2019ultima fase dello stato borghese e fosse il preludio alla rivoluzione comunista.<\/p>\n\n\n\n<p>Chi si oppone veramente al fascismo sono i liberali di Amendola e i riformisti di Turati e Matteotti. I comunisti li considerano nemici perch\u00e9 continuando a sostenere che lo stato liberal democratico sia migliore, si ritarda l\u2019avvento della rivoluzione.<\/p>\n\n\n\n<p>Togliatti nel 1923, in piena avanzata del fascismo, scrive: \u00abIl nemico \u00e8 a tre teste: Mussolini, Sturzo e Turati\u00bb.<\/p>\n\n\n\n<p>Nencini ricorda come da parte dei comunisti vi fu una opposizione violenta e fortissima contro i socialisti unitari, quindi indirizzata contro Turati, Treves, Matteotti, Modigliani che subirono quindi una doppia opposizione: da parte fascista ma anche da parte comunista.<\/p>\n\n\n\n<p>\u00abNon ha proprio capito. Non sono la sua domestica e non sono nemmeno la puttana di corte. E siccome nella palestra della libert\u00e0 ci vado ogni giorno, ho fatto voto di non piegarmi. Fino a che avr\u00f2 fiato in gola\u00bb. Ecco le parole di Matteotti, uomo libero che non si piega al fascismo e al comunismo.<\/p>\n\n\n\n<p>Matteotti fu assassinato per ordine di Mussolini perch\u00e9 si oppose duramente al fascismo che stava nascendo, aveva capito la gravit\u00e0 della portata criminale di Mussolini e del suo movimento politico, il primo in Italia che si dota di una banda armata di squadracce.<\/p>\n\n\n\n<p>L\u2019uomo coraggioso aveva capito tutto questo e fu lasciato solo a combattere.<\/p>\n\n\n\n<p class=\"has-text-align-right\"><strong>Nicola Vacca<\/strong><\/p>\n","protected":false},"excerpt":{"rendered":"<p>\u00abDevo essere sincero: bench\u00e9 sia trascorso un secolo, Matteotti apre porte e finestre. Nell\u2019immaginario popolare, il deputato socialista viene ancora<\/p>\n","protected":false},"author":4,"featured_media":1512,"comment_status":"open","ping_status":"closed","sticky":false,"template":"","format":"standard","meta":{"colormag_page_container_layout":"default_layout","colormag_page_sidebar_layout":"default_layout","_monsterinsights_skip_tracking":false,"_monsterinsights_sitenote_active":false,"_monsterinsights_sitenote_note":"","_monsterinsights_sitenote_category":0,"footnotes":""},"categories":[5,30],"tags":[],"class_list":["post-1038","post","type-post","status-publish","format-standard","has-post-thumbnail","hentry","category-cultura","category-news"],"_links":{"self":[{"href":"https:\/\/gioia.lavocedelpaese.info\/index.php\/wp-json\/wp\/v2\/posts\/1038","targetHints":{"allow":["GET"]}}],"collection":[{"href":"https:\/\/gioia.lavocedelpaese.info\/index.php\/wp-json\/wp\/v2\/posts"}],"about":[{"href":"https:\/\/gioia.lavocedelpaese.info\/index.php\/wp-json\/wp\/v2\/types\/post"}],"author":[{"embeddable":true,"href":"https:\/\/gioia.lavocedelpaese.info\/index.php\/wp-json\/wp\/v2\/users\/4"}],"replies":[{"embeddable":true,"href":"https:\/\/gioia.lavocedelpaese.info\/index.php\/wp-json\/wp\/v2\/comments?post=1038"}],"version-history":[{"count":2,"href":"https:\/\/gioia.lavocedelpaese.info\/index.php\/wp-json\/wp\/v2\/posts\/1038\/revisions"}],"predecessor-version":[{"id":1513,"href":"https:\/\/gioia.lavocedelpaese.info\/index.php\/wp-json\/wp\/v2\/posts\/1038\/revisions\/1513"}],"wp:featuredmedia":[{"embeddable":true,"href":"https:\/\/gioia.lavocedelpaese.info\/index.php\/wp-json\/wp\/v2\/media\/1512"}],"wp:attachment":[{"href":"https:\/\/gioia.lavocedelpaese.info\/index.php\/wp-json\/wp\/v2\/media?parent=1038"}],"wp:term":[{"taxonomy":"category","embeddable":true,"href":"https:\/\/gioia.lavocedelpaese.info\/index.php\/wp-json\/wp\/v2\/categories?post=1038"},{"taxonomy":"post_tag","embeddable":true,"href":"https:\/\/gioia.lavocedelpaese.info\/index.php\/wp-json\/wp\/v2\/tags?post=1038"}],"curies":[{"name":"wp","href":"https:\/\/api.w.org\/{rel}","templated":true}]}}